{"id":10208,"date":"2021-11-24T18:53:09","date_gmt":"2021-11-24T21:53:09","guid":{"rendered":"https:\/\/luismaluf.com\/uncategorized\/stop\/"},"modified":"2024-10-21T15:01:54","modified_gmt":"2024-10-21T18:01:54","slug":"stop","status":"publish","type":"post","link":"https:\/\/luismaluf.com\/en\/past\/stop\/","title":{"rendered":"STOP!"},"content":{"rendered":"<div class=\"wpb-content-wrapper\">[vc_row thb_full_width=&#8221;true&#8221; el_class=&#8221;align-justify&#8221;][vc_column width=&#8221;1\/4&#8243;][vc_column_text animation=&#8221;animation left-to-right&#8221;]<span style=\"font-weight: 400;\">CRANIO<\/span><\/p>\n<h1>STOP!<\/h1>\n[\/vc_column_text][vc_separator][vc_column_text animation=&#8221;animation bottom-to-top&#8221;]\n<p style=\"text-align: right;\"><b>26 de Nov 2021 &#8211; 09 de Fev 2022<br \/>\n<\/b>Usina Luis Maluf &#8211; Rua Brigadeiro Galv\u00e3o, Barra Funda<\/p>\n[\/vc_column_text][\/vc_column][vc_column width=&#8221;2\/3&#8243; css=&#8221;.vc_custom_1653519856748{background-position: center !important;background-repeat: no-repeat !important;background-size: contain !important;}&#8221;][vc_empty_space mobile_height=&#8221;30px&#8221; height=&#8221;0px&#8221;][vc_column_text animation=&#8221;animation bottom-to-top&#8221;]\n<p class=\"p1\">O artista <b>Cranio<\/b> apresenta aqui obras in\u00e9ditas produzidas nos \u00faltimos dois anos, desde o in\u00edcio do isolamento dado pela pandemia. As tem\u00e1ticas de cunho social s\u00e3o o ponto-chave que direciona suas cria\u00e7\u00f5es, compostas sempre de proposi\u00e7\u00f5es acerca de pol\u00edtica, ra\u00e7a, rela\u00e7\u00f5es de consumo, quest\u00f5es ambientais e de classe. Cranio prop\u00f5e uma fus\u00e3o entre frui\u00e7\u00e3o est\u00e9tica e reflex\u00e3o cr\u00edtica.<\/p>\n<p>A exposi\u00e7\u00e3o acontece na Usina Luis Maluf (ULM), novo espa\u00e7o da galeria, localizado na Barra Funda, bairro que tem se destacado como crescente polo do circuito art\u00edstico de S\u00e3o Paulo. Al\u00e9m de abrigar o programa de resid\u00eancia art\u00edstica da galeria e eventos culturais, a\u00e7\u00f5es sociais e educativas, a ULM apresenta um intenso programa de exposi\u00e7\u00f5es, com a possibilidade de visitas guiadas e de eventos com os artistas e demais agentes culturais.<\/p>\n<p>A visita\u00e7\u00e3o acontece de <strong>26 de novembro de 2021<\/strong> a <strong>09 de fevereiro de 2022<\/strong>, de segunda a s\u00e1bado, das <strong>10h \u00e0s 18h<\/strong> (ULM &#8211; Rua Brigadeiro Galv\u00e3o, 996, Barra Funda). Gratuita e aberta a todo o p\u00fablico.[\/vc_column_text][\/vc_column][\/vc_row][vc_row][vc_column][vc_column_text animation=&#8221;animation left-to-right&#8221;]\n<h3>CONFIRA O TOUR VIRTUAL DA EXPOSI\u00c7\u00c3O<\/h3>\n[\/vc_column_text][vc_empty_space height=&#8221;30px&#8221;][vc_column_text]\n<p style=\"text-align: center;\"><iframe loading=\"lazy\" style=\"width: 100%;\" src=\"https:\/\/my.matterport.com\/show\/?m=uphykcNPX2M&amp;play=1&amp;amp&amp;ts=30;amp&amp;qs=0;amp&amp;amp&amp;lp=1\" width=\"853\" height=\"540\" frameborder=\"0\" allowfullscreen=\"allowfullscreen\">Fill browser window<\/iframe><\/p>\n[\/vc_column_text][\/vc_column][\/vc_row][vc_row el_class=&#8221;align-justify&#8221;][vc_column width=&#8221;1\/3&#8243;][vc_column_text animation=&#8221;animation left-to-right&#8221;]\n<h3>SOBRE O ARTISTA<\/h3>\n[\/vc_column_text][vc_column_text animation=&#8221;animation bottom-to-top&#8221;]Fabio de Oliveira Parnaiba, o Cr\u00e2nio, nasceu em 1982 na cidade de S\u00e3o Paulo.<\/p>\n<p>Crescendo na Zona Norte, aos 16 come\u00e7ou suas primeiras interven\u00e7\u00f5es na cidade, sendo influenciado pela din\u00e2mica urbana e os movimentos de rua da regi\u00e3o. Autodidata na t\u00e9cnica em spray, o artista criou um estilo irreverente e muito particular que pode ser lido tanto como homenagens festivas quanto den\u00fancias pertinentes e \u00e1cidas.<\/p>\n<p>Cr\u00e2nio \u00e9 adepto ao free-style, permitindo que a inspira\u00e7\u00e3o e o momento guiem a concep\u00e7\u00e3o do trabalho. Uma das suas \u201cmarcas registradas\u201d \u00e9 o \u00edndio azul extremamente presente em suas obras. Eles possuem in\u00fameras formas e vestimentas, como se fossem indiv\u00edduos de uma esp\u00e9cie criada pelo pr\u00f3prio artista, nascendo da inten\u00e7\u00e3o de criar um personagem que se relacionasse diretamente \u00e0 imagem do Brasil. Seu Universo vibrante \u00e9 urbano e selvagem ao mesmo tempo, constru\u00eddo a partir de uma variedade de inspira\u00e7\u00f5es que passam pelo Surrealismo de Salvador Dal\u00ed, por refer\u00eancias pop, por cartoons e por anima\u00e7\u00f5es.<\/p>\n<p>Com trabalhos expostos ao redor do mundo, suas obras s\u00e3o certeiras ao construir narrativas que mesclam sentimentos e rea\u00e7\u00f5es dos espectadores. Tem\u00e1ticas de cunho social s\u00e3o um ponto-chave que direciona suas cria\u00e7\u00f5es e as problem\u00e1ticas brasileiras s\u00e3o protagonistas, sejam relativas \u00e0 pol\u00edtica, consumo, polui\u00e7\u00e3o ou meio ambiente, gerando uma fus\u00e3o entre frui\u00e7\u00e3o est\u00e9tica e reflex\u00e3o cr\u00edtica.[\/vc_column_text][\/vc_column][vc_column width=&#8221;1\/2&#8243;][vc_empty_space mobile_height=&#8221;30px&#8221; height=&#8221;0px&#8221;][vc_single_image image=&#8221;7181&#8243; img_size=&#8221;full&#8221;][\/vc_column][\/vc_row]\n<\/div>","protected":false},"excerpt":{"rendered":"<p><b> CRANIO <\/b><br \/>\n26 de Nov 2021 \u2013 09 de Fev 2022<\/p>\n<p><em>Usina Luis Maluf<\/em><br \/>\nRua Brigadeiro Galv\u00e3o, 996<br \/>\nSeg &#8211; Sex, 10h-19h<br \/>\nS\u00e1b, 11h-17h<\/p>\n","protected":false},"author":1,"featured_media":8295,"comment_status":"closed","ping_status":"closed","sticky":false,"template":"","format":"standard","meta":{"_acf_changed":false,"footnotes":""},"categories":[165],"tags":[],"class_list":["post-10208","post","type-post","status-publish","format-standard","has-post-thumbnail","hentry","category-past"],"acf":[],"_links":{"self":[{"href":"https:\/\/luismaluf.com\/en\/wp-json\/wp\/v2\/posts\/10208","targetHints":{"allow":["GET"]}}],"collection":[{"href":"https:\/\/luismaluf.com\/en\/wp-json\/wp\/v2\/posts"}],"about":[{"href":"https:\/\/luismaluf.com\/en\/wp-json\/wp\/v2\/types\/post"}],"author":[{"embeddable":true,"href":"https:\/\/luismaluf.com\/en\/wp-json\/wp\/v2\/users\/1"}],"replies":[{"embeddable":true,"href":"https:\/\/luismaluf.com\/en\/wp-json\/wp\/v2\/comments?post=10208"}],"version-history":[{"count":0,"href":"https:\/\/luismaluf.com\/en\/wp-json\/wp\/v2\/posts\/10208\/revisions"}],"wp:featuredmedia":[{"embeddable":true,"href":"https:\/\/luismaluf.com\/en\/wp-json\/wp\/v2\/media\/8295"}],"wp:attachment":[{"href":"https:\/\/luismaluf.com\/en\/wp-json\/wp\/v2\/media?parent=10208"}],"wp:term":[{"taxonomy":"category","embeddable":true,"href":"https:\/\/luismaluf.com\/en\/wp-json\/wp\/v2\/categories?post=10208"},{"taxonomy":"post_tag","embeddable":true,"href":"https:\/\/luismaluf.com\/en\/wp-json\/wp\/v2\/tags?post=10208"}],"curies":[{"name":"wp","href":"https:\/\/api.w.org\/{rel}","templated":true}]}}