{"id":10210,"date":"2021-11-05T13:13:55","date_gmt":"2021-11-05T16:13:55","guid":{"rendered":"https:\/\/luismaluf.com\/uncategorized\/atelie-aberto-usina-luis-maluf\/"},"modified":"2024-10-21T15:03:12","modified_gmt":"2024-10-21T18:03:12","slug":"atelie-aberto-usina-luis-maluf","status":"publish","type":"post","link":"https:\/\/luismaluf.com\/en\/past\/atelie-aberto-usina-luis-maluf\/","title":{"rendered":"Ateli\u00ea Aberto &#8211; Usina Luis Maluf"},"content":{"rendered":"<div class=\"wpb-content-wrapper\">[vc_row thb_full_width=&#8221;true&#8221; el_class=&#8221;align-justify&#8221;][vc_column width=&#8221;1\/4&#8243;][vc_column_text animation=&#8221;animation left-to-right&#8221;]<span style=\"font-weight: 400;\">USINA LUIS MALUF<\/span><\/p>\n<h1>ATELI\u00ca ABERTO<\/h1>\n[\/vc_column_text][vc_separator][vc_column_text animation=&#8221;animation bottom-to-top&#8221;]\n<p style=\"text-align: right;\"><b>06 de Nov &#8211; 20 de Nov 2021<br \/>\n<\/b>Rua Brigadeiro Galv\u00e3o, 996<br \/>\nBarra Funda \u2013 SP<\/p>\n[\/vc_column_text][\/vc_column][vc_column width=&#8221;2\/3&#8243; css=&#8221;.vc_custom_1653519856748{background-position: center !important;background-repeat: no-repeat !important;background-size: contain !important;}&#8221;][vc_empty_space mobile_height=&#8221;30px&#8221; height=&#8221;0px&#8221;][vc_column_text animation=&#8221;animation bottom-to-top&#8221;]S\u00e3o Paulo acaba de ganhar um novo espa\u00e7o de fomento \u00e0 cultura no cora\u00e7\u00e3o da Barra Funda, um dos bairros de maior efervesc\u00eancia cultural da cidade: A <strong>Usina Luis Maluf (ULM)<\/strong>, que se abre ao p\u00fablico no m\u00eas de novembro de 2021 com o <em>&#8220;Ateli\u00ea Aberto &#8211; encerramento da resid\u00eancia art\u00edstica&#8221;<\/em>, projeto coordenado pela curadora e pesquisadora <strong>Carollina Lauriano<\/strong>.<\/p>\n<p>A resid\u00eancia que inaugurou a ULM, visando a forma\u00e7\u00e3o de jovens artistas com partir do acompanhamento de projetos e conex\u00f5es com profissionais do circuito de artes visuais do pa\u00eds, nasce com a proposta de fomentar a produ\u00e7\u00e3o art\u00edstica na cidade. O primeiro grupo de residentes \u00e9 formado pelos artistas <strong>Aline Bispo, Apolo Torres, Clara Benfatti, Edu Silva, F\u00e1bio Menino, Mariano Barone<\/strong> e <strong>Tatiane Freitas<\/strong>, que estiveram durante seis meses acompanhados por Lauriano e por uma equipe diversa composta por outros artistas e agentes do mercado de arte. \u201cA pot\u00eancia do programa est\u00e1 na troca n\u00e3o s\u00f3 com os pares, como tamb\u00e9m na constru\u00e7\u00e3o coletiva e no contato com outros curadores e interlocutores\u201d, reflete Carollina Lauriano.<\/p>\n<p>&nbsp;<\/p>\n<p>A visita aos ateli\u00eas acontece de <strong>06 a 20 de novembro de 2021<\/strong>, com visita\u00e7\u00e3o aberta ao p\u00fablico, de <strong>segunda a sexta, das 10h \u00e0s 18h<\/strong>.[\/vc_column_text][\/vc_column][\/vc_row][vc_row el_class=&#8221;align-justify&#8221;][vc_column width=&#8221;1\/3&#8243;][vc_column_text animation=&#8221;animation bottom-to-top&#8221;]<strong>ATELI\u00ca ABERTO &#8211; Exposi\u00e7\u00e3o de encerramento da resid\u00eancia art\u00edstica da Usina Luis Maluf<\/strong><\/p>\n<p>06 de Nov \u2013 20 de Nov 2021<br \/>\nRua Brigadeiro Galv\u00e3o, 996<br \/>\nBarra Funda \u2013 SP[\/vc_column_text][\/vc_column][vc_column width=&#8221;1\/2&#8243;][vc_empty_space mobile_height=&#8221;30px&#8221; height=&#8221;0px&#8221;][vc_single_image image=&#8221;8230&#8243; img_size=&#8221;full&#8221;][\/vc_column][\/vc_row]\n<\/div>","protected":false},"excerpt":{"rendered":"<p>06 de Nov \u2013 20 de Nov 2021<\/p>\n<p><em>Usina Luis Maluf<\/em><br \/>\nRua Brigadeiro Galv\u00e3o, 996<br \/>\nSeg &#8211; Sex, 10h-19h<br \/>\nS\u00e1b, 11h-17h<\/p>\n","protected":false},"author":1,"featured_media":8073,"comment_status":"closed","ping_status":"closed","sticky":false,"template":"","format":"standard","meta":{"_acf_changed":false,"footnotes":""},"categories":[165],"tags":[289],"class_list":["post-10210","post","type-post","status-publish","format-standard","has-post-thumbnail","hentry","category-past","tag-aline-bispo-en"],"acf":[],"_links":{"self":[{"href":"https:\/\/luismaluf.com\/en\/wp-json\/wp\/v2\/posts\/10210","targetHints":{"allow":["GET"]}}],"collection":[{"href":"https:\/\/luismaluf.com\/en\/wp-json\/wp\/v2\/posts"}],"about":[{"href":"https:\/\/luismaluf.com\/en\/wp-json\/wp\/v2\/types\/post"}],"author":[{"embeddable":true,"href":"https:\/\/luismaluf.com\/en\/wp-json\/wp\/v2\/users\/1"}],"replies":[{"embeddable":true,"href":"https:\/\/luismaluf.com\/en\/wp-json\/wp\/v2\/comments?post=10210"}],"version-history":[{"count":0,"href":"https:\/\/luismaluf.com\/en\/wp-json\/wp\/v2\/posts\/10210\/revisions"}],"wp:featuredmedia":[{"embeddable":true,"href":"https:\/\/luismaluf.com\/en\/wp-json\/wp\/v2\/media\/8073"}],"wp:attachment":[{"href":"https:\/\/luismaluf.com\/en\/wp-json\/wp\/v2\/media?parent=10210"}],"wp:term":[{"taxonomy":"category","embeddable":true,"href":"https:\/\/luismaluf.com\/en\/wp-json\/wp\/v2\/categories?post=10210"},{"taxonomy":"post_tag","embeddable":true,"href":"https:\/\/luismaluf.com\/en\/wp-json\/wp\/v2\/tags?post=10210"}],"curies":[{"name":"wp","href":"https:\/\/api.w.org\/{rel}","templated":true}]}}