{"id":10216,"date":"2021-08-24T17:06:05","date_gmt":"2021-08-24T20:06:05","guid":{"rendered":"https:\/\/luismaluf.com\/uncategorized\/retorno-a-terra-yohannah-de-oliveira\/"},"modified":"2024-10-21T15:40:46","modified_gmt":"2024-10-21T18:40:46","slug":"retorno-a-terra-yohannah-de-oliveira","status":"publish","type":"post","link":"https:\/\/luismaluf.com\/en\/past\/retorno-a-terra-yohannah-de-oliveira\/","title":{"rendered":"Retorno \u00e0 terra"},"content":{"rendered":"<div class=\"wpb-content-wrapper\">[vc_row thb_full_width=&#8221;true&#8221; el_class=&#8221;align-justify&#8221;][vc_column width=&#8221;1\/4&#8243;][vc_column_text animation=&#8221;animation left-to-right&#8221;]<span style=\"font-weight: 400;\">YOHANNAH DE OLIVEIRA<\/span><\/p>\n<h1>RETORNO \u00c0 TERRA<\/h1>\n[\/vc_column_text][vc_separator][vc_column_text animation=&#8221;animation bottom-to-top&#8221;]\n<p style=\"text-align: right;\"><b>26 de Ago &#8211; 20 de Set 2021<br \/>\n<\/b>Rua Peixoto Gomide, 1887, Jardins, \u2013 SP<\/p>\n[\/vc_column_text][\/vc_column][vc_column width=&#8221;2\/3&#8243; css=&#8221;.vc_custom_1653519856748{background-position: center !important;background-repeat: no-repeat !important;background-size: contain !important;}&#8221;][vc_empty_space mobile_height=&#8221;30px&#8221; height=&#8221;0px&#8221;][vc_column_text animation=&#8221;animation bottom-to-top&#8221;]Em suas pesquisas art\u00edsticas, despertam interesse a <strong>Yohannah de Oliveira<\/strong> os processos de resgate internos que nos levam a expandir nossa capacidade de conex\u00e3o com o nosso eu mais profundo. Em um mundo cercado pelas incertezas, ela nos guia por um processo ritual\u00edstico e meditativo atrav\u00e9s de sua pintura abstrata. Ao optar por uma cartela de cores suave, observamos um desejo inerente da artista em nos teletransportar para um lugar oposto ao ritmo ca\u00f3tico dos grandes centros urbanos.<\/p>\n<p>Dessa forma, a artista nos guia por composi\u00e7\u00f5es pict\u00f3ricas que remetem a panoramas geogr\u00e1ficos e forma\u00e7\u00f5es naturais, recorrendo a materialidade que reafirmam essa conex\u00e3o com o ancestral como: tecidos com trama natural e pigmentos de origem natural. Apesar da proemin\u00eancia ineg\u00e1vel de sua pintura, as discuss\u00f5es propostas por Yohannah ultrapassam, e muito, as quest\u00f5es do suporte. N\u00e3o obstante algumas de suas pinturas podem ser consideradas objetos tridimensionais, ao trabalhar o conceito de camadas muito importante em suas obras, por outra perspectiva, n\u00e3o somente a da pintura, mas a partir da pr\u00f3pria materialidade do tecido.<\/p>\n<p>Para isso, Yohannah busca recriar paisagens internas, reformulando assim lugares de acolhimento e pertencimento. Nascida no Rio Grande do Norte, a artista integra em sua produ\u00e7\u00e3o elementos que retomam o olhar para um lugar de origem e para processos que s\u00e3o pr\u00f3prios da natureza humana. Nesse sentido, Retorno \u00e0 Terra nos traz diversas camadas conceituais propostas pela artista para esta exposi\u00e7\u00e3o. Terra como ancestralidade e a necessidade de uma reconex\u00e3o com a natureza. Terra enquanto materialidade para cria\u00e7\u00e3o de pigmentos naturais presentes em parte das pinturas aqui expostas. Terra como fertilidade, nascimento, \u00e0 vida e \u00e0 morte, come\u00e7o e fim.<\/p>\n<p>&nbsp;<\/p>\n<p><strong>Carollina Lauriano<\/strong><\/p>\n<p>Curadora[\/vc_column_text][\/vc_column][\/vc_row][vc_row el_class=&#8221;align-justify&#8221;][vc_column width=&#8221;1\/3&#8243;][vc_column_text animation=&#8221;animation left-to-right&#8221;]\n<h3>SOBRE O ARTISTA<\/h3>\n[\/vc_column_text][vc_column_text animation=&#8221;animation bottom-to-top&#8221;]Yohannah de Oliveira (1993), nasceu na cidade de Mossor\u00f3, RN<\/p>\n<p>Yohannah vive e trabalha em S\u00e3o Paulo. Cursou arquitetura e urbanismo na Universidade Presbiteriana Mackenzie e Polit\u00e9cnica de Madrid, com breve experi\u00eancia em arquitetura e em escrit\u00f3rios que questionavam a constru\u00e7\u00e3o da sociedade e cidades em S\u00e3o Paulo e Barcelona. Ap\u00f3s um per\u00edodo de tr\u00eas meses de trabalho volunt\u00e1rio e imers\u00e3o na University for the Nations em Kona \u2013 HI, decidiu dedicar-se integralmente \u00e0 sua produ\u00e7\u00e3o de arte.<\/p>\n<p>Sua pesquisa parte da jun\u00e7\u00e3o de materiais como concreto, cristais, tecidos de trama natural, tinta acr\u00edlica e pigmentos naturais, resultando em estruturas bidimensionais e tridimensionais abstratas. Suas obras remetem em sua ess\u00eancia a forma\u00e7\u00f5es naturais e panoramas geogr\u00e1ficos. Busca em seus processos uma conex\u00e3o com o inconsciente coletivo e uma nova constru\u00e7\u00e3o do Divino em processos de produ\u00e7\u00e3o ritual\u00edsticos e meditativos.<\/p>\n<p>Seus trabalhos e instala\u00e7\u00f5es foram expostas na programa\u00e7\u00e3o da S\u00e3o Paulo Design Week e em exposi\u00e7\u00f5es solo como a \u201cPensamentos L\u00edquidos (Galeria -1) \u201d e \u201cForma da Vida (Galeria Canvas)\u201d.[\/vc_column_text][\/vc_column][vc_column width=&#8221;1\/2&#8243;][vc_empty_space mobile_height=&#8221;30px&#8221; height=&#8221;0px&#8221;][vc_single_image image=&#8221;7765&#8243; img_size=&#8221;full&#8221;][\/vc_column][\/vc_row]\n<\/div>","protected":false},"excerpt":{"rendered":"<p><b>YOHANNAH DE OLIVEIRA<\/b><br \/>\n26 de Ago \u2013 20 de Set 2021<\/p>\n<p><em>Luis Maluf Galeria de Arte<\/em><br \/>\nRua Peixoto Gomide, 1887 \u2013 Jardim Paulista<br \/>\nSeg &#8211; Sex \u2013 10h \u00e0s 19h<br \/>\nS\u00e1b \u2013 11h \u00e0s 17h<\/p>\n","protected":false},"author":1,"featured_media":7745,"comment_status":"closed","ping_status":"closed","sticky":false,"template":"","format":"standard","meta":{"_acf_changed":false,"footnotes":""},"categories":[165],"tags":[],"class_list":["post-10216","post","type-post","status-publish","format-standard","has-post-thumbnail","hentry","category-past"],"acf":[],"_links":{"self":[{"href":"https:\/\/luismaluf.com\/en\/wp-json\/wp\/v2\/posts\/10216","targetHints":{"allow":["GET"]}}],"collection":[{"href":"https:\/\/luismaluf.com\/en\/wp-json\/wp\/v2\/posts"}],"about":[{"href":"https:\/\/luismaluf.com\/en\/wp-json\/wp\/v2\/types\/post"}],"author":[{"embeddable":true,"href":"https:\/\/luismaluf.com\/en\/wp-json\/wp\/v2\/users\/1"}],"replies":[{"embeddable":true,"href":"https:\/\/luismaluf.com\/en\/wp-json\/wp\/v2\/comments?post=10216"}],"version-history":[{"count":0,"href":"https:\/\/luismaluf.com\/en\/wp-json\/wp\/v2\/posts\/10216\/revisions"}],"wp:featuredmedia":[{"embeddable":true,"href":"https:\/\/luismaluf.com\/en\/wp-json\/wp\/v2\/media\/7745"}],"wp:attachment":[{"href":"https:\/\/luismaluf.com\/en\/wp-json\/wp\/v2\/media?parent=10216"}],"wp:term":[{"taxonomy":"category","embeddable":true,"href":"https:\/\/luismaluf.com\/en\/wp-json\/wp\/v2\/categories?post=10216"},{"taxonomy":"post_tag","embeddable":true,"href":"https:\/\/luismaluf.com\/en\/wp-json\/wp\/v2\/tags?post=10216"}],"curies":[{"name":"wp","href":"https:\/\/api.w.org\/{rel}","templated":true}]}}