{"id":10221,"date":"2021-06-14T16:55:30","date_gmt":"2021-06-14T19:55:30","guid":{"rendered":"https:\/\/luismaluf.com\/uncategorized\/a-medicina-rustica-pinturas-de-aline-bispo\/"},"modified":"2024-10-21T15:46:30","modified_gmt":"2024-10-21T18:46:30","slug":"a-medicina-rustica-pinturas-de-aline-bispo","status":"publish","type":"post","link":"https:\/\/luismaluf.com\/en\/past\/a-medicina-rustica-pinturas-de-aline-bispo\/","title":{"rendered":"A medicina r\u00fastica, pinturas de Aline Bispo"},"content":{"rendered":"<div class=\"wpb-content-wrapper\">[vc_row thb_full_width=&#8221;true&#8221; el_class=&#8221;align-justify&#8221;][vc_column width=&#8221;1\/4&#8243;][vc_column_text animation=&#8221;animation left-to-right&#8221;]<span style=\"font-weight: 400;\">ALINE BISPO<\/span><\/p>\n<h1>A MEDICINA R\u00daSTICA, PINTURAS DE ALINE BISPO<\/h1>\n[\/vc_column_text][vc_separator][vc_column_text animation=&#8221;animation bottom-to-top&#8221;]\n<p style=\"text-align: right;\"><b>17 de Jul 2021<br \/>\n<\/b>Rua Peixoto Gomide, 1887<br \/>\nJardim Paulista \u2013 SP<\/p>\n[\/vc_column_text][\/vc_column][vc_column width=&#8221;2\/3&#8243; css=&#8221;.vc_custom_1653519856748{background-position: center !important;background-repeat: no-repeat !important;background-size: contain !important;}&#8221;][vc_empty_space mobile_height=&#8221;30px&#8221; height=&#8221;0px&#8221;][vc_column_text animation=&#8221;animation bottom-to-top&#8221;]A conjuntura que d\u00e1 ensejo \u00e0 primeira exposi\u00e7\u00e3o de Aline Bispo est\u00e1 revestida de import\u00e2ncia que transcende e ao mesmo tempo confirma as qualidades dessa mostra. De fato a artista tamb\u00e9m \u00e9 uma protagonista desse momento extraordin\u00e1rio na hist\u00f3ria recente da arte contempor\u00e2nea brasileira, j\u00e1 que nunca como agora a sensibilidade afrodiasp\u00f3rica recebeu a aten\u00e7\u00e3o que mais do que merecidamente tem despertado. Parte dessa aten\u00e7\u00e3o est\u00e1 voltada \u00e0 robusta produ\u00e7\u00e3o art\u00edstica realizada por mulheres, mulheres cujo trabalho foi quase sempre subestimado e sub-representado em galerias, museus e seus cong\u00eaneres. A aten\u00e7\u00e3o que essas realiza\u00e7\u00f5es despertam deve-se entre outros fatores a luta empreendida pelas mulheres negras contra o racismo, pela conquista de espa\u00e7o e igualdade de oportunidades e, n\u00e3o menos importante, pela qualidade e pot\u00eancia expressa em obras que n\u00e3o podem ser contornadas pelas narrativas pautadas na heteronormatividade branca e, portanto, excludente que se quer hegem\u00f4nica e que por isso mesmo flerta com a obsolesc\u00eancia quando n\u00e3o reconhece o valor e a riqueza expressa na diversidade que caracteriza nossa sociedade. Valores da diversidade, ali\u00e1s, apoiados pela galeria Luis Maluf.<\/p>\n<p>A artista que j\u00e1 tem um trabalho reconhecido e consolidado enquanto ilustradora apresenta nessa mostra pinturas em pequenos e m\u00e9dios formatos realizadas em tinta a \u00f3leo, acr\u00edlica e guache que apresenta uma s\u00e9rie de retratos de personagens negros, geralmente sozinhos e em diferentes atitudes. Em comum essas personagens tem a cor da pele elaborada em tons terrosos escuros, h\u00e1 certa indistin\u00e7\u00e3o no que se refere aos seus rostos que s\u00e3o apenas sugeridos e adivinhados atrav\u00e9s da massa de tinta. Esta op\u00e7\u00e3o da artista encontra paralelo em outros expoentes da arte afro brasileira contempor\u00e2nea e sugere um caminho que flerta com a ideia da busca por um \u201carcaico m\u00edtico\u201d, uma identidade comum aos negros e negras que, apesar disso, n\u00e3o anula a individualidade das personagens j\u00e1 que identificamos delas a sua classe, origem social, g\u00eanero e claro, ra\u00e7a.<\/p>\n<p>Nesses trabalhos de Aline Bispo a velocidade da execu\u00e7\u00e3o est\u00e1 patente no padr\u00e3o das suas enf\u00e1ticas pinceladas deixadas \u00e0 mostra na superf\u00edcie da lona ou do papel evidenciando os processos que a artista adota na realiza\u00e7\u00e3o dos seus trabalhos. O expressionismo que \u00e9 resultado desse procedimento real\u00e7a a sensualidade da sua paleta e na sua concep\u00e7\u00e3o de sua pintura traduzida em superf\u00edcies de cores s\u00f3lidas e brilhantes de onde emergem figuras de constru\u00e7\u00e3o tensa e de lirismo r\u00edspidas real\u00e7adas pelo monocromatismo do plano contra o qual elas est\u00e3o confrontadas.<\/p>\n<p>O racismo nega a civiliza\u00e7\u00e3o da di\u00e1spora afro-atlantica a qualidade das suas conquistas e a compet\u00eancia dos seus realizadores, a medicina que chamamos r\u00fastica (ou popular) em geral baseada em ervas, \u00e9 o tradicional lenitivo das popula\u00e7\u00f5es exclu\u00eddas, a ela recorrem todos os que n\u00e3o t\u00eam acesso a outro tipo de socorro. S\u00e3o tecnologias e saberes prospectados em outras tradi\u00e7\u00f5es, tamb\u00e9m essa arte representada nos trabalhos da mostra \u201cA medicina r\u00fastica, pinturas de Aline Bispo\u201d convida-nos a participar de uma experi\u00eancia afro-diasp\u00f3rica contempor\u00e2nea e ancestral investigada e vertida em imagens atrav\u00e9s do filtro po\u00e9tico da artista Aline Bispo.<\/p>\n<p><strong>Claudinei Roberto da Silva \u2013 Curador<\/strong>[\/vc_column_text][\/vc_column][\/vc_row][vc_row][vc_column][vc_column_text animation=&#8221;animation left-to-right&#8221;]\n<h3>CONFIRA O TOUR VIRTUAL DA EXPOSI\u00c7\u00c3O<\/h3>\n[\/vc_column_text][vc_empty_space height=&#8221;30px&#8221;][vc_column_text]\n<p style=\"text-align: center;\"><iframe loading=\"lazy\" style=\"width: 100%;\" src=\"https:\/\/my.matterport.com\/show\/?m=geM5ZSy9LLf&amp;play=1&amp;amp&amp;ts=30;amp&amp;qs=0;amp&amp;amp&amp;lp=1\" width=\"853\" height=\"540\" frameborder=\"0\" allowfullscreen=\"allowfullscreen\">Fill browser window<\/iframe><\/p>\n[\/vc_column_text][\/vc_column][\/vc_row][vc_row][vc_column][vc_empty_space height=&#8221;45px&#8221;][\/vc_column][\/vc_row][vc_row el_class=&#8221;align-justify&#8221;][vc_column width=&#8221;1\/3&#8243;][vc_column_text animation=&#8221;animation left-to-right&#8221;]\n<h3>SOBRE O ARTISTA<\/h3>\n[\/vc_column_text][vc_column_text animation=&#8221;animation bottom-to-top&#8221;]Formada em Artes Visuais pelo Centro Universit\u00e1rio Belas Artes de S\u00e3o Paulo, Aline Bispo, representada pela Galeria Luis Maluf, investiga em sua produ\u00e7\u00e3o tem\u00e1ticas que cruzam a miscigena\u00e7\u00e3o brasileira, g\u00eanero, sincretismos religiosos e etnia. Iniciou sua carreira art\u00edstica grafitando ruas em S\u00e3o Paulo e desde ent\u00e3o, a interdisciplinaridade da artista transita em pinturas, ilustra\u00e7\u00f5es, gravuras, fotografia e performance.<\/p>\n<p>Atualmente, Aline Bispo participa do Projeto de Resid\u00eancia Art\u00edstica na Usina Luis Maluf, espa\u00e7o cultural localizado na Barra Funda, idealizado por Luis Maluf e coordenado por Carollina Lauriano. Em 2019, Bispo fez parte da primeira edi\u00e7\u00e3o do programa de incentivos a jovens artistas e curadores do Instituto Adelina Cultural e em 2020 foi convidada para fazer parte do time de artistas do Projeto Convida, do IMS Paulista. Al\u00e9m disso, ilustra a coluna de Djamila Ribeiro, na Folha de S\u00e3o Paulo e \u00e9 reconhecida por projetos como a ilustra\u00e7\u00e3o da capa do Best-seller, Torto-Arado, de Itamar Vieira Junior. Aline tamb\u00e9m \u00e9 criadora do projeto Museu nas F\u00e9rias e \u00e9 curadora no Programa pela equidade racial do Instituto Ibirapitanga.[\/vc_column_text][\/vc_column][vc_column width=&#8221;1\/2&#8243;][vc_empty_space mobile_height=&#8221;30px&#8221; height=&#8221;0px&#8221;][vc_single_image image=&#8221;7447&#8243; img_size=&#8221;full&#8221;][\/vc_column][\/vc_row]\n<\/div>","protected":false},"excerpt":{"rendered":"<p><b>ALINE BISPO<\/b><br \/>\n17 de Jul 2021<\/p>\n<p><em>Luis Maluf Galeria de Arte<\/em><br \/>\nRua Peixoto Gomide, 1887 \u2013 Jardim Paulista<br \/>\nSeg &#8211; Sex \u2013 10h \u00e0s 19h<br \/>\nS\u00e1b \u2013 11h \u00e0s 17h<\/p>\n","protected":false},"author":1,"featured_media":7545,"comment_status":"closed","ping_status":"closed","sticky":false,"template":"","format":"standard","meta":{"_acf_changed":false,"footnotes":""},"categories":[165],"tags":[289],"class_list":["post-10221","post","type-post","status-publish","format-standard","has-post-thumbnail","hentry","category-past","tag-aline-bispo-en"],"acf":[],"_links":{"self":[{"href":"https:\/\/luismaluf.com\/en\/wp-json\/wp\/v2\/posts\/10221","targetHints":{"allow":["GET"]}}],"collection":[{"href":"https:\/\/luismaluf.com\/en\/wp-json\/wp\/v2\/posts"}],"about":[{"href":"https:\/\/luismaluf.com\/en\/wp-json\/wp\/v2\/types\/post"}],"author":[{"embeddable":true,"href":"https:\/\/luismaluf.com\/en\/wp-json\/wp\/v2\/users\/1"}],"replies":[{"embeddable":true,"href":"https:\/\/luismaluf.com\/en\/wp-json\/wp\/v2\/comments?post=10221"}],"version-history":[{"count":0,"href":"https:\/\/luismaluf.com\/en\/wp-json\/wp\/v2\/posts\/10221\/revisions"}],"wp:featuredmedia":[{"embeddable":true,"href":"https:\/\/luismaluf.com\/en\/wp-json\/wp\/v2\/media\/7545"}],"wp:attachment":[{"href":"https:\/\/luismaluf.com\/en\/wp-json\/wp\/v2\/media?parent=10221"}],"wp:term":[{"taxonomy":"category","embeddable":true,"href":"https:\/\/luismaluf.com\/en\/wp-json\/wp\/v2\/categories?post=10221"},{"taxonomy":"post_tag","embeddable":true,"href":"https:\/\/luismaluf.com\/en\/wp-json\/wp\/v2\/tags?post=10221"}],"curies":[{"name":"wp","href":"https:\/\/api.w.org\/{rel}","templated":true}]}}