{"id":16875,"date":"2025-04-04T14:13:32","date_gmt":"2025-04-04T17:13:32","guid":{"rendered":"https:\/\/luismaluf.com\/?p=16875"},"modified":"2025-10-29T12:26:46","modified_gmt":"2025-10-29T15:26:46","slug":"sp-arte2025","status":"publish","type":"post","link":"https:\/\/luismaluf.com\/en\/feiras\/sp-arte2025\/","title":{"rendered":"SP-Arte 2025"},"content":{"rendered":"<div class=\"wpb-content-wrapper\">[vc_row thb_full_width=&#8221;true&#8221; el_class=&#8221;align-justify&#8221;][vc_column width=&#8221;1\/3&#8243;][vc_column_text css=&#8221;&#8221; animation=&#8221;animation left-to-right&#8221;]\n<h1>Feira Nacional<\/h1>\n[\/vc_column_text][vc_separator][vc_column_text css=&#8221;&#8221; animation=&#8221;animation bottom-to-top&#8221;]\n<p style=\"text-align: right;\"><strong>02\u00a0 &#8211; 06 de abril de 2025<\/strong><\/p>\n<p style=\"text-align: right;\"><em>Booth G4<\/em><br \/>\n<i>Bienal de S. Paulo &#8211; Ibirapuera<\/i><\/p>\n[\/vc_column_text][\/vc_column][vc_column width=&#8221;2\/3&#8243; css=&#8221;.vc_custom_1678972569582{padding-left: 30px !important;background-position: center !important;background-repeat: no-repeat !important;background-size: contain !important;}&#8221;][vc_empty_space mobile_height=&#8221;30px&#8221; height=&#8221;0px&#8221;][vc_column_text css=&#8221;&#8221; animation=&#8221;animation bottom-to-top&#8221;]\n<h2 style=\"text-align: center;\"><strong>SP-ARTE 2025<\/strong><\/h2>\n<p>&nbsp;<\/p>\n<p><span style=\"font-weight: 400;\">A Luis Maluf Galeria apresenta na SP\u2013Arte 2025 uma sele\u00e7\u00e3o de obras de artistas representados, convidados e participantes da 4\u00aa edi\u00e7\u00e3o do Programa de Resid\u00eancia. A curadoria reflete a diversidade das pr\u00e1ticas contempor\u00e2neas, explorando a percep\u00e7\u00e3o sensorial, o gesto e a mem\u00f3ria.<\/span><\/p>\n<p>A sele\u00e7\u00e3o re\u00fane diferentes abordagens e experimenta\u00e7\u00f5es, proporcionando uma reflex\u00e3o sobre a rela\u00e7\u00e3o entre corpo, espa\u00e7o e materialidade, ampliando o entendimento sobre as quest\u00f5es mais urgentes da arte atual.<\/p>\n<p>&#8211;<\/p>\n[SP-Arte 2025]\nPavilh\u00e3o da Bienal &#8211; Parque Ibirapuera<\/p>\n[Visita\u00e7\u00e3o &#8211; Stand G4]\n02 de abril &#8211; convidados<br \/>\n03 e 04 de abril &#8211; 12h \u00e0s 20h<br \/>\n05 de abril &#8211; 11h \u00e0s 20h<br \/>\n06 de abril &#8211; 11h \u00e0s 19h<\/p>\n<p>&nbsp;<\/p>\n<div style=\"text-align: center;\"><\/div>\n[\/vc_column_text][\/vc_column][\/vc_row][vc_row thb_full_width=&#8221;true&#8221; thb_row_padding=&#8221;true&#8221; thb_column_padding=&#8221;true&#8221;][vc_column][vc_empty_space height=&#8221;45px&#8221;][vc_separator css_animation=&#8221;left-to-right&#8221;][vc_empty_space height=&#8221;45px&#8221;][\/vc_column][\/vc_row][vc_row css=&#8221;.vc_custom_1718130856881{padding-bottom: 15vh !important;}&#8221;][vc_column][vc_raw_html css=&#8221;&#8221;][\/vc_raw_html][\/vc_column][\/vc_row]\n<\/div>","protected":false},"excerpt":{"rendered":"<p><b>Feira Nacional<\/b><br \/>\n02 &#8211; 06 de Abr 2025 <\/p>\n<p><em>SP-ARTE | Booth G4<br \/>\nBienal de S. Paulo &#8211; Ibirapuera <\/em><\/p>\n","protected":false},"author":1,"featured_media":16874,"comment_status":"closed","ping_status":"closed","sticky":false,"template":"","format":"standard","meta":{"_acf_changed":false,"footnotes":""},"categories":[332],"tags":[328],"class_list":["post-16875","post","type-post","status-publish","format-standard","has-post-thumbnail","hentry","category-feiras","tag-sp-arte-en"],"acf":[],"_links":{"self":[{"href":"https:\/\/luismaluf.com\/en\/wp-json\/wp\/v2\/posts\/16875","targetHints":{"allow":["GET"]}}],"collection":[{"href":"https:\/\/luismaluf.com\/en\/wp-json\/wp\/v2\/posts"}],"about":[{"href":"https:\/\/luismaluf.com\/en\/wp-json\/wp\/v2\/types\/post"}],"author":[{"embeddable":true,"href":"https:\/\/luismaluf.com\/en\/wp-json\/wp\/v2\/users\/1"}],"replies":[{"embeddable":true,"href":"https:\/\/luismaluf.com\/en\/wp-json\/wp\/v2\/comments?post=16875"}],"version-history":[{"count":0,"href":"https:\/\/luismaluf.com\/en\/wp-json\/wp\/v2\/posts\/16875\/revisions"}],"wp:featuredmedia":[{"embeddable":true,"href":"https:\/\/luismaluf.com\/en\/wp-json\/wp\/v2\/media\/16874"}],"wp:attachment":[{"href":"https:\/\/luismaluf.com\/en\/wp-json\/wp\/v2\/media?parent=16875"}],"wp:term":[{"taxonomy":"category","embeddable":true,"href":"https:\/\/luismaluf.com\/en\/wp-json\/wp\/v2\/categories?post=16875"},{"taxonomy":"post_tag","embeddable":true,"href":"https:\/\/luismaluf.com\/en\/wp-json\/wp\/v2\/tags?post=16875"}],"curies":[{"name":"wp","href":"https:\/\/api.w.org\/{rel}","templated":true}]}}