{"id":19666,"date":"2026-08-28T10:13:33","date_gmt":"2026-08-28T13:13:33","guid":{"rendered":"https:\/\/luismaluf.com\/current\/rotas-sp-arte-2026\/"},"modified":"2026-08-28T10:13:33","modified_gmt":"2026-08-28T13:13:33","slug":"rotas-sp-arte-2026","status":"publish","type":"post","link":"https:\/\/luismaluf.com\/en\/art-fairs\/rotas-sp-arte-2026\/","title":{"rendered":"Rotas SP-Arte 2026"},"content":{"rendered":"<div class=\"wpb-content-wrapper\">[vc_row thb_full_width=&#8221;true&#8221; el_class=&#8221;align-justify&#8221;][vc_column width=&#8221;1\/3&#8243;][vc_column_text css=&#8221;&#8221; animation=&#8221;animation left-to-right&#8221;]\n<h1>Rotas SP-Arte 2026<\/h1>\n[\/vc_column_text][vc_separator][vc_column_text css=&#8221;&#8221; animation=&#8221;animation bottom-to-top&#8221;]\n<p style=\"text-align: right;\"><strong>26 \u2013 30 de agosto de 2026<\/strong><\/p>\n<p style=\"text-align: right;\"><em>Estande D1<\/em><br \/>\n<i>Arca &#8211; S\u00e3o Paulo<\/i><\/p>\n[\/vc_column_text][\/vc_column][vc_column width=&#8221;2\/3&#8243; css=&#8221;.vc_custom_1678972569582{padding-left: 30px !important;background-position: center !important;background-repeat: no-repeat !important;background-size: contain !important;}&#8221;][vc_empty_space mobile_height=&#8221;30px&#8221; height=&#8221;0px&#8221;][vc_column_text css=&#8221;&#8221; animation=&#8221;animation bottom-to-top&#8221;]A apresenta\u00e7\u00e3o da Galeria Luis Maluf na Rotas SP\u2013Arte 2026 traz o projeto \u201cSinestesia\u201d, um recorte que re\u00fane artistas representadas pela galeria, como Fernanda Pompermayer, Karola Braga e Shizue Sakamoto, entre outros, cujas pr\u00e1ticas exploram a percep\u00e7\u00e3o por diferentes vias, como o tato, o olfato, o paladar e a cor. O projeto toma a sinestesia como eixo conceitual, entendendo-a como uma experi\u00eancia est\u00e9tica em que diferentes formas de percep\u00e7\u00e3o se atravessam e ampliam a rela\u00e7\u00e3o entre a obra e o espectador, para al\u00e9m de sua defini\u00e7\u00e3o como fen\u00f4meno neurol\u00f3gico.<\/p>\n<p>Confira tamb\u00e9m obras de Aline Moreno, Antonio Bokel, Arthur Siebra, Bruno Vilela, Bu\u2019\u00fa Kennedy, Deco Adjiman, Delson Uch\u00f4a, Edu Silva, Guilherme Santos da Silva, Janet Vollebregt, Mavi Accorsi, Raphael Obo\u00e9, e Raphael Sagarra &#8211; Finok.[\/vc_column_text][\/vc_column][\/vc_row][vc_row thb_full_width=&#8221;true&#8221; thb_row_padding=&#8221;true&#8221; thb_column_padding=&#8221;true&#8221;][vc_column][vc_empty_space height=&#8221;45px&#8221;][vc_separator css_animation=&#8221;left-to-right&#8221;][vc_empty_space height=&#8221;45px&#8221;][\/vc_column][\/vc_row][vc_row css=&#8221;.vc_custom_1718130856881{padding-bottom: 15vh !important;}&#8221;][vc_column][vc_raw_html css=&#8221;&#8221;]JTVCc3Bfd3BjYXJvdXNlbCUyMGlkJTNEJTIyMTk2NDQlMjIlNUQ=[\/vc_raw_html][\/vc_column][\/vc_row]\n<\/div>","protected":false},"excerpt":{"rendered":"<p><b>Feira Nacional<\/b><br \/>\n26 \u2013 30 de agosto de 2026<br \/>\n<em>Rotas SP-Arte 2026 | Estande D1<br \/>\nArca &#8211; S\u00e3o Paulo <\/em><\/p>\n","protected":false},"author":1,"featured_media":19643,"comment_status":"closed","ping_status":"closed","sticky":false,"template":"","format":"standard","meta":{"_acf_changed":false,"footnotes":""},"categories":[332],"tags":[328],"class_list":["post-19666","post","type-post","status-publish","format-standard","has-post-thumbnail","hentry","category-art-fairs","tag-sp-arte-en"],"acf":[],"_links":{"self":[{"href":"https:\/\/luismaluf.com\/en\/wp-json\/wp\/v2\/posts\/19666","targetHints":{"allow":["GET"]}}],"collection":[{"href":"https:\/\/luismaluf.com\/en\/wp-json\/wp\/v2\/posts"}],"about":[{"href":"https:\/\/luismaluf.com\/en\/wp-json\/wp\/v2\/types\/post"}],"author":[{"embeddable":true,"href":"https:\/\/luismaluf.com\/en\/wp-json\/wp\/v2\/users\/1"}],"replies":[{"embeddable":true,"href":"https:\/\/luismaluf.com\/en\/wp-json\/wp\/v2\/comments?post=19666"}],"version-history":[{"count":0,"href":"https:\/\/luismaluf.com\/en\/wp-json\/wp\/v2\/posts\/19666\/revisions"}],"wp:featuredmedia":[{"embeddable":true,"href":"https:\/\/luismaluf.com\/en\/wp-json\/wp\/v2\/media\/19643"}],"wp:attachment":[{"href":"https:\/\/luismaluf.com\/en\/wp-json\/wp\/v2\/media?parent=19666"}],"wp:term":[{"taxonomy":"category","embeddable":true,"href":"https:\/\/luismaluf.com\/en\/wp-json\/wp\/v2\/categories?post=19666"},{"taxonomy":"post_tag","embeddable":true,"href":"https:\/\/luismaluf.com\/en\/wp-json\/wp\/v2\/tags?post=19666"}],"curies":[{"name":"wp","href":"https:\/\/api.w.org\/{rel}","templated":true}]}}